{"id":4405,"date":"2016-09-23T08:23:59","date_gmt":"2016-09-23T08:23:59","guid":{"rendered":"http:\/\/super-sport.es\/?p=4405"},"modified":"2016-09-23T08:23:59","modified_gmt":"2016-09-23T08:23:59","slug":"maverick-vinales-entrevistado-este-domingo-previo-del-gp-aragon","status":"publish","type":"post","link":"https:\/\/super-sport.es\/en\/2016\/09\/23\/maverick-vinales-entrevistado-este-domingo-previo-del-gp-aragon\/","title":{"rendered":"Maverick Vi\u00f1ales, entrevistado este domingo en el previo del GP de Arag\u00f3n"},"content":{"rendered":"<p><span style=\"font-weight: 400;\"><strong>Maverick Vi\u00f1ales<\/strong> es el piloto de la parrilla al que m\u00e1s le va a cambiar la vida de esta temporada a la pr\u00f3xima. El actual piloto de Suzuki se montar\u00e1 sobre una Yamaha en 2017 y dar\u00e1 el salto a un gran equipo de MotoGP para aspirar a lo m\u00e1ximo. Este domingo, en el previo del Gran Premio de Arag\u00f3n, desde las 9.30 horas en Telecinco, <strong>ser\u00e1 entrevistado por JJ Santos para analizar lo que est\u00e1 siendo su \u00faltimo a\u00f1o en Suzuki y c\u00f3mo ser\u00e1 su paso a Yamaha<\/strong>.<\/span><\/p>\n<p><span style=\"font-weight: 400;\">El <strong>piloto revelaci\u00f3n de la temporada<\/strong> est\u00e1 en su mejor momento en la m\u00e1xima categor\u00eda plantando cara a los cuatro grandes: Marc M\u00e1rquez, Valentino Rossi, Jorge Lorenzo y Dani Pedrosa. El espa\u00f1ol de Suzuki consigui\u00f3 en Silverstone su primera victoria en MotoGP con m\u00e1s de cuatro segundos sobre el segundo, y es quinto en el campeonato del mundo.<\/span><\/p>\n<p><span style=\"font-weight: 400;\">Vi\u00f1ales est\u00e1 haciendo su mejor temporada y le ha servido para que la pr\u00f3xima temporada este en el box junto a Valentino Rossi. El paso de Jorge Lorenzo a Ducati le ha abierto la puerta de Yamaha y el espa\u00f1ol tendr\u00e1 una moto de garant\u00edas para dar un salto de calidad. Todo esto y mucho m\u00e1s lo repasar\u00e1 Maverick Vi\u00f1ales con JJ Santos en una entrevista que se emitir\u00e1 durante las carreras en Motorland.<\/span><\/p>\n<p><span style=\"font-weight: 400;\"><strong>Las motos vuelven en directo a Telecinco y Supersport<\/strong> ya est\u00e1 preparada para hacer la mejor cobertura de las carreras y el previo con una entrevista al piloto del momento, Maverick Vi\u00f1ales. Este domingo a las 9.30 vuelve MotoGP en directo.<\/span><\/p>","protected":false},"excerpt":{"rendered":"<p>El actual piloto de Suzuki se montar\u00e1 sobre una Yamaha en 2017 y dar\u00e1 el salto a un gran equipo de MotoGP para aspirar a lo m\u00e1ximo.<\/p>\n","protected":false},"author":7,"featured_media":4406,"comment_status":"closed","ping_status":"closed","sticky":false,"template":"","format":"standard","meta":[],"categories":[88],"tags":[131,102],"yoast_head":"<!-- This site is optimized with the Yoast SEO plugin v16.1.1 - https:\/\/yoast.com\/wordpress\/plugins\/seo\/ -->\n<title>Maverick Vi\u00f1ales, entrevistado este domingo en el previo del GP de Arag\u00f3n - Super sport<\/title>\n<link rel=\"canonical\" href=\"https:\/\/super-sport.es\/2016\/09\/23\/maverick-vinales-entrevistado-este-domingo-previo-del-gp-aragon\/\" \/>\n<meta property=\"og:locale\" content=\"en_US\" \/>\n<meta property=\"og:type\" content=\"article\" \/>\n<meta property=\"og:title\" content=\"Maverick Vi\u00f1ales, entrevistado este domingo en el previo del GP de Arag\u00f3n - Super sport\" \/>\n<meta property=\"og:description\" content=\"El actual piloto de Suzuki se montar\u00e1 sobre una Yamaha en 2017 y dar\u00e1 el salto a un gran equipo de MotoGP para aspirar a lo m\u00e1ximo.\" \/>\n<meta property=\"og:url\" content=\"https:\/\/super-sport.es\/2016\/09\/23\/maverick-vinales-entrevistado-este-domingo-previo-del-gp-aragon\/\" \/>\n<meta property=\"og:site_name\" content=\"Super sport\" \/>\n<meta property=\"article:published_time\" content=\"2016-09-23T08:23:59+00:00\" \/>\n<meta property=\"og:image\" content=\"https:\/\/super-sport.es\/wp-content\/uploads\/2016\/09\/maverick.jpg\" \/>\n\t<meta property=\"og:image:width\" content=\"850\" \/>\n\t<meta property=\"og:image:height\" content=\"460\" \/>\n<meta name=\"twitter:card\" content=\"summary\" \/>\n<meta name=\"twitter:label1\" content=\"Est. reading time\">\n\t<meta name=\"twitter:data1\" content=\"3 minutes\">\n<script type=\"application\/ld+json\" class=\"yoast-schema-graph\">{\"@context\":\"https:\/\/schema.org\",\"@graph\":[{\"@type\":\"WebSite\",\"@id\":\"https:\/\/super-sport.es\/#website\",\"url\":\"https:\/\/super-sport.es\/\",\"name\":\"Super sport\",\"description\":\"\",\"potentialAction\":[{\"@type\":\"SearchAction\",\"target\":\"https:\/\/super-sport.es\/?s={search_term_string}\",\"query-input\":\"required name=search_term_string\"}],\"inLanguage\":\"en-US\"},{\"@type\":\"ImageObject\",\"@id\":\"https:\/\/super-sport.es\/2016\/09\/23\/maverick-vinales-entrevistado-este-domingo-previo-del-gp-aragon\/#primaryimage\",\"inLanguage\":\"en-US\",\"url\":\"https:\/\/super-sport.es\/wp-content\/uploads\/2016\/09\/maverick.jpg\",\"contentUrl\":\"https:\/\/super-sport.es\/wp-content\/uploads\/2016\/09\/maverick.jpg\",\"width\":850,\"height\":460,\"caption\":\"Maverick Vi\\u00f1ales\"},{\"@type\":\"WebPage\",\"@id\":\"https:\/\/super-sport.es\/2016\/09\/23\/maverick-vinales-entrevistado-este-domingo-previo-del-gp-aragon\/#webpage\",\"url\":\"https:\/\/super-sport.es\/2016\/09\/23\/maverick-vinales-entrevistado-este-domingo-previo-del-gp-aragon\/\",\"name\":\"Maverick Vi\\u00f1ales, entrevistado este domingo en el previo del GP de Arag\\u00f3n - Super sport\",\"isPartOf\":{\"@id\":\"https:\/\/super-sport.es\/#website\"},\"primaryImageOfPage\":{\"@id\":\"https:\/\/super-sport.es\/2016\/09\/23\/maverick-vinales-entrevistado-este-domingo-previo-del-gp-aragon\/#primaryimage\"},\"datePublished\":\"2016-09-23T08:23:59+00:00\",\"dateModified\":\"2016-09-23T08:23:59+00:00\",\"author\":{\"@id\":\"https:\/\/super-sport.es\/#\/schema\/person\/4f37fd7a684842665bdc6562656fd1ef\"},\"breadcrumb\":{\"@id\":\"https:\/\/super-sport.es\/2016\/09\/23\/maverick-vinales-entrevistado-este-domingo-previo-del-gp-aragon\/#breadcrumb\"},\"inLanguage\":\"en-US\",\"potentialAction\":[{\"@type\":\"ReadAction\",\"target\":[\"https:\/\/super-sport.es\/2016\/09\/23\/maverick-vinales-entrevistado-este-domingo-previo-del-gp-aragon\/\"]}]},{\"@type\":\"BreadcrumbList\",\"@id\":\"https:\/\/super-sport.es\/2016\/09\/23\/maverick-vinales-entrevistado-este-domingo-previo-del-gp-aragon\/#breadcrumb\",\"itemListElement\":[{\"@type\":\"ListItem\",\"position\":1,\"item\":{\"@type\":\"WebPage\",\"@id\":\"https:\/\/super-sport.es\/\",\"url\":\"https:\/\/super-sport.es\/\",\"name\":\"Portada\"}},{\"@type\":\"ListItem\",\"position\":2,\"item\":{\"@type\":\"WebPage\",\"@id\":\"https:\/\/super-sport.es\/2016\/09\/23\/maverick-vinales-entrevistado-este-domingo-previo-del-gp-aragon\/\",\"url\":\"https:\/\/super-sport.es\/2016\/09\/23\/maverick-vinales-entrevistado-este-domingo-previo-del-gp-aragon\/\",\"name\":\"Maverick Vi\\u00f1ales, entrevistado este domingo en el previo del GP de Arag\\u00f3n\"}}]},{\"@type\":\"Person\",\"@id\":\"https:\/\/super-sport.es\/#\/schema\/person\/4f37fd7a684842665bdc6562656fd1ef\",\"name\":\"Supersport\",\"image\":{\"@type\":\"ImageObject\",\"@id\":\"https:\/\/super-sport.es\/#personlogo\",\"inLanguage\":\"en-US\",\"url\":\"https:\/\/secure.gravatar.com\/avatar\/16032d2561f2869e2f5d056ba8062615?s=96&d=mm&r=g\",\"contentUrl\":\"https:\/\/secure.gravatar.com\/avatar\/16032d2561f2869e2f5d056ba8062615?s=96&d=mm&r=g\",\"caption\":\"Supersport\"}}]}<\/script>\n<!-- \/ Yoast SEO plugin. -->","_links":{"self":[{"href":"https:\/\/super-sport.es\/en\/wp-json\/wp\/v2\/posts\/4405"}],"collection":[{"href":"https:\/\/super-sport.es\/en\/wp-json\/wp\/v2\/posts"}],"about":[{"href":"https:\/\/super-sport.es\/en\/wp-json\/wp\/v2\/types\/post"}],"author":[{"embeddable":true,"href":"https:\/\/super-sport.es\/en\/wp-json\/wp\/v2\/users\/7"}],"replies":[{"embeddable":true,"href":"https:\/\/super-sport.es\/en\/wp-json\/wp\/v2\/comments?post=4405"}],"version-history":[{"count":3,"href":"https:\/\/super-sport.es\/en\/wp-json\/wp\/v2\/posts\/4405\/revisions"}],"predecessor-version":[{"id":4409,"href":"https:\/\/super-sport.es\/en\/wp-json\/wp\/v2\/posts\/4405\/revisions\/4409"}],"wp:featuredmedia":[{"embeddable":true,"href":"https:\/\/super-sport.es\/en\/wp-json\/wp\/v2\/media\/4406"}],"wp:attachment":[{"href":"https:\/\/super-sport.es\/en\/wp-json\/wp\/v2\/media?parent=4405"}],"wp:term":[{"taxonomy":"category","embeddable":true,"href":"https:\/\/super-sport.es\/en\/wp-json\/wp\/v2\/categories?post=4405"},{"taxonomy":"post_tag","embeddable":true,"href":"https:\/\/super-sport.es\/en\/wp-json\/wp\/v2\/tags?post=4405"}],"curies":[{"name":"wp","href":"https:\/\/api.w.org\/{rel}","templated":true}]}}