{"id":4457,"date":"2016-11-11T15:19:27","date_gmt":"2016-11-11T15:19:27","guid":{"rendered":"http:\/\/super-sport.es\/?p=4457"},"modified":"2016-11-11T15:20:38","modified_gmt":"2016-11-11T15:20:38","slug":"marquez-rossi-protagonistas-la-cobertura-supersport-mediaset-cheste","status":"publish","type":"post","link":"https:\/\/super-sport.es\/en\/2016\/11\/11\/marquez-rossi-protagonistas-la-cobertura-supersport-mediaset-cheste\/","title":{"rendered":"M\u00e1rquez y Rossi, protagonistas en la cobertura de Mediaset en Cheste"},"content":{"rendered":"<p><span style=\"font-weight: 400;\">\u00daltima carrera de la temporada. MotoGP cierra el tel\u00f3n de un Mundial en el que Marc M\u00e1rquez volvi\u00f3 a coronarse por delante de Valentino Rossi y Jorge Lorenzo. El Gran Premio de Valencia echa el cierre con tres campeones del mundo: Binder, Zarco y M\u00e1rquez. Supersport volver\u00e1 a estar de la cobertura para <strong>Telecinco en Cheste, con la previa en directo desde las 9.30 horas.<\/strong><\/span><\/p>\n<p><span style=\"font-weight: 400;\">Supersport estar\u00e1 con los dos grandes protagonistas de la temporada: <strong>Marc M\u00e1rquez<\/strong> y <strong>Valentino Rossi<\/strong>. J.J. Santos entrevistar\u00e1 durante la previa del Gran Premio de Valencia al piloto espa\u00f1ol de Honda y al italiano de Yamaha para repasar la temporada de MotoGP.<\/span><\/p>\n<p><span style=\"font-weight: 400;\">M\u00e1rquez ha vivido un curso apasionante despu\u00e9s de volver a coronarse como campe\u00f3n de MotoGP por tercera vez con s\u00f3lo 23 a\u00f1os. El de Cervera analiza su temporada con J.J. Santos y c\u00f3mo afronta el pr\u00f3ximo en el que<strong> Jorge Lorenzo estar\u00e1 en Ducati<\/strong> y Rossi seguir\u00e1 en Yamaha.<\/span><\/p>\n<p><a href=\"http:\/\/super-sport.es\/wp-content\/uploads\/2016\/11\/IMG-20161110-WA0014_1478801162573.jpg\"><img loading=\"lazy\" class=\"aligncenter size-large wp-image-4458\" src=\"http:\/\/super-sport.es\/wp-content\/uploads\/2016\/11\/IMG-20161110-WA0014_1478801162573-1024x576.jpg\" alt=\"Marc M\u00e1rquez y JJ Santos\" width=\"960\" height=\"540\" srcset=\"https:\/\/super-sport.es\/wp-content\/uploads\/2016\/11\/IMG-20161110-WA0014_1478801162573-1024x576.jpg 1024w, https:\/\/super-sport.es\/wp-content\/uploads\/2016\/11\/IMG-20161110-WA0014_1478801162573-300x169.jpg 300w, https:\/\/super-sport.es\/wp-content\/uploads\/2016\/11\/IMG-20161110-WA0014_1478801162573.jpg 1600w\" sizes=\"(max-width: 960px) 100vw, 960px\" \/><\/a><\/p>\n<p><span style=\"font-weight: 400;\">Un piloto italiano que tambi\u00e9n ser\u00e1 protagonista en la previa de Cheste. \u2018Il Doctore\u2019 responder\u00e1 a las preguntas de J.J. Santos y repasar\u00e1 su curso en el que ha vuelto a ser subcampe\u00f3n del mundo. Rossi a\u00fan tiene contrato dos temporadas m\u00e1s con Yamaha y explicar\u00e1 lo que espera de los pr\u00f3ximos dos a\u00f1os.<\/span><\/p>\n<p><span style=\"font-weight: 400;\">Adem\u00e1s de las entrevistas al campe\u00f3n del mundo y al subcampe\u00f3n, la \u00faltima carrera de la temporada tiene los alicientes de que ser\u00e1 la \u00faltima carrera de Jorge Lorenzo con Yamaha antes de su paso a Ducati, la despedida de <strong>Maverick Vi\u00f1ales<\/strong> de Suzuki antes de desembarcar en Yamaha, y el cambio de equipo de <strong>Pol y Aleix Espargar\u00f3 y \u00c1lvaro Bautista<\/strong>. Todo listo para disfrutar de un apasionante Gran Premio en Cheste.<\/span><\/p>\n","protected":false},"excerpt":{"rendered":"<p>\u00daltima carrera de la temporada. MotoGP cierra el tel\u00f3n de un Mundial en el que Marc M\u00e1rquez volvi\u00f3 a coronarse por delante de Rossi y Jorge Lorenzo.<\/p>\n","protected":false},"author":7,"featured_media":4462,"comment_status":"closed","ping_status":"closed","sticky":false,"template":"","format":"standard","meta":[],"categories":[88],"tags":[133,119,102,121],"yoast_head":"<!-- This site is optimized with the Yoast SEO plugin v16.1.1 - https:\/\/yoast.com\/wordpress\/plugins\/seo\/ -->\n<title>M\u00e1rquez y Rossi, protagonistas en la cobertura de Mediaset en Cheste - Super sport<\/title>\n<link rel=\"canonical\" href=\"https:\/\/super-sport.es\/2016\/11\/11\/marquez-rossi-protagonistas-la-cobertura-supersport-mediaset-cheste\/\" \/>\n<meta property=\"og:locale\" content=\"en_US\" \/>\n<meta property=\"og:type\" content=\"article\" \/>\n<meta property=\"og:title\" content=\"M\u00e1rquez y Rossi, protagonistas en la cobertura de Mediaset en Cheste - Super sport\" \/>\n<meta property=\"og:description\" content=\"\u00daltima carrera de la temporada. MotoGP cierra el tel\u00f3n de un Mundial en el que Marc M\u00e1rquez volvi\u00f3 a coronarse por delante de Rossi y Jorge Lorenzo.\" \/>\n<meta property=\"og:url\" content=\"https:\/\/super-sport.es\/2016\/11\/11\/marquez-rossi-protagonistas-la-cobertura-supersport-mediaset-cheste\/\" \/>\n<meta property=\"og:site_name\" content=\"Super sport\" \/>\n<meta property=\"article:published_time\" content=\"2016-11-11T15:19:27+00:00\" \/>\n<meta property=\"article:modified_time\" content=\"2016-11-11T15:20:38+00:00\" \/>\n<meta property=\"og:image\" content=\"https:\/\/super-sport.es\/wp-content\/uploads\/2016\/11\/valen.jpg\" \/>\n\t<meta property=\"og:image:width\" content=\"850\" \/>\n\t<meta property=\"og:image:height\" content=\"460\" \/>\n<meta name=\"twitter:card\" content=\"summary\" \/>\n<meta name=\"twitter:label1\" content=\"Est. reading time\">\n\t<meta name=\"twitter:data1\" content=\"2 minutes\">\n<script type=\"application\/ld+json\" class=\"yoast-schema-graph\">{\"@context\":\"https:\/\/schema.org\",\"@graph\":[{\"@type\":\"WebSite\",\"@id\":\"https:\/\/super-sport.es\/#website\",\"url\":\"https:\/\/super-sport.es\/\",\"name\":\"Super sport\",\"description\":\"\",\"potentialAction\":[{\"@type\":\"SearchAction\",\"target\":\"https:\/\/super-sport.es\/?s={search_term_string}\",\"query-input\":\"required name=search_term_string\"}],\"inLanguage\":\"en-US\"},{\"@type\":\"ImageObject\",\"@id\":\"https:\/\/super-sport.es\/2016\/11\/11\/marquez-rossi-protagonistas-la-cobertura-supersport-mediaset-cheste\/#primaryimage\",\"inLanguage\":\"en-US\",\"url\":\"https:\/\/super-sport.es\/wp-content\/uploads\/2016\/11\/valen.jpg\",\"contentUrl\":\"https:\/\/super-sport.es\/wp-content\/uploads\/2016\/11\/valen.jpg\",\"width\":850,\"height\":460},{\"@type\":\"WebPage\",\"@id\":\"https:\/\/super-sport.es\/2016\/11\/11\/marquez-rossi-protagonistas-la-cobertura-supersport-mediaset-cheste\/#webpage\",\"url\":\"https:\/\/super-sport.es\/2016\/11\/11\/marquez-rossi-protagonistas-la-cobertura-supersport-mediaset-cheste\/\",\"name\":\"M\\u00e1rquez y Rossi, protagonistas en la cobertura de Mediaset en Cheste - Super sport\",\"isPartOf\":{\"@id\":\"https:\/\/super-sport.es\/#website\"},\"primaryImageOfPage\":{\"@id\":\"https:\/\/super-sport.es\/2016\/11\/11\/marquez-rossi-protagonistas-la-cobertura-supersport-mediaset-cheste\/#primaryimage\"},\"datePublished\":\"2016-11-11T15:19:27+00:00\",\"dateModified\":\"2016-11-11T15:20:38+00:00\",\"author\":{\"@id\":\"https:\/\/super-sport.es\/#\/schema\/person\/4f37fd7a684842665bdc6562656fd1ef\"},\"breadcrumb\":{\"@id\":\"https:\/\/super-sport.es\/2016\/11\/11\/marquez-rossi-protagonistas-la-cobertura-supersport-mediaset-cheste\/#breadcrumb\"},\"inLanguage\":\"en-US\",\"potentialAction\":[{\"@type\":\"ReadAction\",\"target\":[\"https:\/\/super-sport.es\/2016\/11\/11\/marquez-rossi-protagonistas-la-cobertura-supersport-mediaset-cheste\/\"]}]},{\"@type\":\"BreadcrumbList\",\"@id\":\"https:\/\/super-sport.es\/2016\/11\/11\/marquez-rossi-protagonistas-la-cobertura-supersport-mediaset-cheste\/#breadcrumb\",\"itemListElement\":[{\"@type\":\"ListItem\",\"position\":1,\"item\":{\"@type\":\"WebPage\",\"@id\":\"https:\/\/super-sport.es\/\",\"url\":\"https:\/\/super-sport.es\/\",\"name\":\"Portada\"}},{\"@type\":\"ListItem\",\"position\":2,\"item\":{\"@type\":\"WebPage\",\"@id\":\"https:\/\/super-sport.es\/2016\/11\/11\/marquez-rossi-protagonistas-la-cobertura-supersport-mediaset-cheste\/\",\"url\":\"https:\/\/super-sport.es\/2016\/11\/11\/marquez-rossi-protagonistas-la-cobertura-supersport-mediaset-cheste\/\",\"name\":\"M\\u00e1rquez y Rossi, protagonistas en la cobertura de Mediaset en Cheste\"}}]},{\"@type\":\"Person\",\"@id\":\"https:\/\/super-sport.es\/#\/schema\/person\/4f37fd7a684842665bdc6562656fd1ef\",\"name\":\"Supersport\",\"image\":{\"@type\":\"ImageObject\",\"@id\":\"https:\/\/super-sport.es\/#personlogo\",\"inLanguage\":\"en-US\",\"url\":\"https:\/\/secure.gravatar.com\/avatar\/16032d2561f2869e2f5d056ba8062615?s=96&d=mm&r=g\",\"contentUrl\":\"https:\/\/secure.gravatar.com\/avatar\/16032d2561f2869e2f5d056ba8062615?s=96&d=mm&r=g\",\"caption\":\"Supersport\"}}]}<\/script>\n<!-- \/ Yoast SEO plugin. -->","_links":{"self":[{"href":"https:\/\/super-sport.es\/en\/wp-json\/wp\/v2\/posts\/4457"}],"collection":[{"href":"https:\/\/super-sport.es\/en\/wp-json\/wp\/v2\/posts"}],"about":[{"href":"https:\/\/super-sport.es\/en\/wp-json\/wp\/v2\/types\/post"}],"author":[{"embeddable":true,"href":"https:\/\/super-sport.es\/en\/wp-json\/wp\/v2\/users\/7"}],"replies":[{"embeddable":true,"href":"https:\/\/super-sport.es\/en\/wp-json\/wp\/v2\/comments?post=4457"}],"version-history":[{"count":8,"href":"https:\/\/super-sport.es\/en\/wp-json\/wp\/v2\/posts\/4457\/revisions"}],"predecessor-version":[{"id":4469,"href":"https:\/\/super-sport.es\/en\/wp-json\/wp\/v2\/posts\/4457\/revisions\/4469"}],"wp:featuredmedia":[{"embeddable":true,"href":"https:\/\/super-sport.es\/en\/wp-json\/wp\/v2\/media\/4462"}],"wp:attachment":[{"href":"https:\/\/super-sport.es\/en\/wp-json\/wp\/v2\/media?parent=4457"}],"wp:term":[{"taxonomy":"category","embeddable":true,"href":"https:\/\/super-sport.es\/en\/wp-json\/wp\/v2\/categories?post=4457"},{"taxonomy":"post_tag","embeddable":true,"href":"https:\/\/super-sport.es\/en\/wp-json\/wp\/v2\/tags?post=4457"}],"curies":[{"name":"wp","href":"https:\/\/api.w.org\/{rel}","templated":true}]}}