{"id":6346,"date":"2019-08-02T10:13:00","date_gmt":"2019-08-02T10:13:00","guid":{"rendered":"http:\/\/super-sport.es\/?p=6346"},"modified":"2019-08-02T10:13:48","modified_gmt":"2019-08-02T10:13:48","slug":"deporte-audiencias-julio","status":"publish","type":"post","link":"https:\/\/super-sport.es\/en\/2019\/08\/02\/deporte-audiencias-julio\/","title":{"rendered":"Los movimientos en el mercado de fichajes marcan las audiencias de Julio"},"content":{"rendered":"<p>El mes comenz\u00f3 con la noticia emitida en Cuatro en la secci\u00f3n de Deportes, de la <strong>aparici\u00f3n de Joao F\u00e9lix<\/strong> que fue el <strong>jugador m\u00e1s aclamado <\/strong>siendo el fichaje m\u00e1s caro con tan solo 19 a\u00f1os. Junto a este tema tambi\u00e9n cabe destacar como los hermanos M\u00e1rquez se lideraron como vencedores en MotoGP.<\/p>\n<p><strong>El mejor dato de audiencia en los <a href=\"https:\/\/www.mitele.es\/deportes\/deportes-telecinco\/5d28355eb95c9b4a738b4586\/player\/\">espacios deportivos de Telecinco<\/a> se consigui\u00f3 durante la edici\u00f3n del mediod\u00eda del viernes 12,<\/strong> con un total de <strong>1.690.000 espectadores<\/strong> y una cuota del 14,7% de audiencia, que se informaron sobre la <strong>firma por cinco temporadas de Griezmann por el Barcelona<\/strong>, hasta el 30 de Junio de 2024. Pero, esto no queda aqu\u00ed porque el Barcelona sigue fichando jugadores y no solo para el f\u00fatbol sino tambi\u00e9n para el baloncesto, en el que renueva su plantilla con el nuevo fichaje de Alex Abrines hasta 2021. Mientras tanto, en el <strong>Atl\u00e9tico de Madrid<\/strong> se organiz\u00f3 la presentaci\u00f3n en el Estadio Metropolitano del <strong>jugador Saponjic,<\/strong> un delantero serbio, que ha firmado por tres temporadas en el equipo rojiblanco.<\/p>\n<p>Otro de los <strong>acontecimientos importantes de este mes<\/strong>, <a href=\"https:\/\/www.mitele.es\/deportes\/deportes-telecinco\/5d2f44788bd4e566478b46bf\/player\/\">emitido en Telecinco<\/a> con una <strong>cuota de audiencia de 18,1%<\/strong> fue el \u00faltimo entrenamiento del Real Madrid en Canad\u00e1 poniendo rumbo a Houston para jugar contra el Bayern de M\u00fanich, el primer partido amistoso.\u00a0 Adem\u00e1s, ha sido el <strong>mes estrella del Atl\u00e9tico de Madrid, ya que ha conseguido acordar ochos nuevos fichajes<\/strong>, en los que se encuentran \u00a0jugadores como Kieran Trippier y Mario Hermoso.<\/p>\n<p>No podemos olvidarnos tampoco del<strong> <a href=\"https:\/\/www.mitele.es\/deportes\/deportes-cuatro\/5d3c29a6591063c7218b466f\/player\/\">programa del s\u00e1bado emitido en Deportes Cuatro<\/a><\/strong> presentado por Javi Torres y Menottinto con una cuota del 7,4% en el que <strong>770.000 espectadores<\/strong> disfrutaron del que fue uno de los temas m\u00e1s sonados de este mes como la <strong>derrota del partido amistoso del Real Madrid contra el Atl\u00e9tico de Madrid<\/strong>, catalog\u00e1ndolo como el <strong>gran \u201capag\u00f3n\u201d<\/strong> del equipo blanco.<\/p>\n<p><strong><a href=\"https:\/\/www.mitele.es\/deportes\/deportes-cuatro\/5d207d748bd4e54c478b456f\/player\/\">En el programa de Deportes Cuatro a mediod\u00eda<\/a>, el pico de audiencia lo marca el domingo 7<\/strong>, presentado por Pablo Pinto y Luis Garc\u00eda, con una cuota de 3,9% de audiencia y <strong>457.000 espectadores<\/strong>, inform\u00e1ndose de toda la actualidad deportiva.<\/p>\n<p><b>La broma de Joaqu\u00edn\u00a0con un ni\u00f1o aficionado del Betis, el video m\u00e1s visto de la web<\/b><\/p>\n<p>Uno de los v\u00eddeos m\u00e1s vistos en la web en este mes de Julio con <strong>14.398 de visualizaciones<\/strong> fue el encuentro de Joaqu\u00edn S\u00e1nchez con un aficionado del Real Betis. <strong>El jugador se acerc\u00f3 a firmar un aut\u00f3grafo a un ni\u00f1o<\/strong> y brome\u00f3 con \u00e9l: &#8220;Este es el nuevo crack del Betis, \u00bfno?\u201d<\/p>\n<p>El ni\u00f1o sigui\u00f3 mir\u00e1ndolo mientras el jugador del Betis continu\u00f3 con la broma: <strong>&#8220;Aligera que a m\u00ed me queda poco ya&#8221;.<\/strong><\/p>\n<p>&nbsp;<\/p>","protected":false},"excerpt":{"rendered":"<p>Los movimientos de los nuevos fichajes en el mundo del deporte de cara a la pr\u00f3xima temporada es lo que ha marcado las audiencias del mes de julio del grupo Mediaset Espa\u00f1a <\/p>\n","protected":false},"author":7,"featured_media":6350,"comment_status":"closed","ping_status":"closed","sticky":false,"template":"","format":"standard","meta":[],"categories":[4,88],"tags":[146,111,91,110,269,253,219,301,142],"yoast_head":"<!-- This site is optimized with the Yoast SEO plugin v16.1.1 - https:\/\/yoast.com\/wordpress\/plugins\/seo\/ -->\n<title>(Espa\u00f1ol) Los movimientos en el mercado de fichajes marcan las audiencias de Julio<\/title>\n<meta name=\"description\" content=\"(Espa\u00f1ol) Los movimientos de los nuevos fichajes en el mundo del deporte es lo que ha marcado las audiencias del mes de julio del grupo Mediaset Espa\u00f1a\" \/>\n<link rel=\"canonical\" href=\"https:\/\/super-sport.es\/en\/2019\/08\/02\/deporte-audiencias-julio\/\" \/>\n<meta property=\"og:locale\" content=\"en_US\" \/>\n<meta property=\"og:type\" content=\"article\" \/>\n<meta property=\"og:title\" content=\"(Espa\u00f1ol) Los movimientos en el mercado de fichajes marcan las audiencias de Julio\" \/>\n<meta property=\"og:description\" content=\"(Espa\u00f1ol) Los movimientos de los nuevos fichajes en el mundo del deporte es lo que ha marcado las audiencias del mes de julio del grupo Mediaset Espa\u00f1a\" \/>\n<meta property=\"og:url\" content=\"https:\/\/super-sport.es\/en\/2019\/08\/02\/deporte-audiencias-julio\/\" \/>\n<meta property=\"og:site_name\" content=\"Super sport\" \/>\n<meta property=\"article:published_time\" content=\"2019-08-02T10:13:00+00:00\" \/>\n<meta property=\"article:modified_time\" content=\"2019-08-02T10:13:48+00:00\" \/>\n<meta property=\"og:image\" content=\"https:\/\/super-sport.es\/wp-content\/uploads\/2019\/08\/Griezmann.jpg\" \/>\n\t<meta property=\"og:image:width\" content=\"750\" \/>\n\t<meta property=\"og:image:height\" content=\"330\" \/>\n<meta name=\"twitter:card\" content=\"summary\" \/>\n<meta name=\"twitter:label1\" content=\"Est. reading time\">\n\t<meta name=\"twitter:data1\" content=\"5 minutes\">\n<script type=\"application\/ld+json\" class=\"yoast-schema-graph\">{\"@context\":\"https:\/\/schema.org\",\"@graph\":[{\"@type\":\"WebSite\",\"@id\":\"https:\/\/super-sport.es\/#website\",\"url\":\"https:\/\/super-sport.es\/\",\"name\":\"Super sport\",\"description\":\"\",\"potentialAction\":[{\"@type\":\"SearchAction\",\"target\":\"https:\/\/super-sport.es\/?s={search_term_string}\",\"query-input\":\"required name=search_term_string\"}],\"inLanguage\":\"en-US\"},{\"@type\":\"ImageObject\",\"@id\":\"https:\/\/super-sport.es\/en\/2019\/08\/02\/deporte-audiencias-julio\/#primaryimage\",\"inLanguage\":\"en-US\",\"url\":\"https:\/\/super-sport.es\/wp-content\/uploads\/2019\/08\/Griezmann.jpg\",\"contentUrl\":\"https:\/\/super-sport.es\/wp-content\/uploads\/2019\/08\/Griezmann.jpg\",\"width\":750,\"height\":330},{\"@type\":\"WebPage\",\"@id\":\"https:\/\/super-sport.es\/en\/2019\/08\/02\/deporte-audiencias-julio\/#webpage\",\"url\":\"https:\/\/super-sport.es\/en\/2019\/08\/02\/deporte-audiencias-julio\/\",\"name\":\"(Espa\\u00f1ol) Los movimientos en el mercado de fichajes marcan las audiencias de Julio\",\"isPartOf\":{\"@id\":\"https:\/\/super-sport.es\/#website\"},\"primaryImageOfPage\":{\"@id\":\"https:\/\/super-sport.es\/en\/2019\/08\/02\/deporte-audiencias-julio\/#primaryimage\"},\"datePublished\":\"2019-08-02T10:13:00+00:00\",\"dateModified\":\"2019-08-02T10:13:48+00:00\",\"author\":{\"@id\":\"https:\/\/super-sport.es\/#\/schema\/person\/4f37fd7a684842665bdc6562656fd1ef\"},\"description\":\"(Espa\\u00f1ol) Los movimientos de los nuevos fichajes en el mundo del deporte es lo que ha marcado las audiencias del mes de julio del grupo Mediaset Espa\\u00f1a\",\"breadcrumb\":{\"@id\":\"https:\/\/super-sport.es\/en\/2019\/08\/02\/deporte-audiencias-julio\/#breadcrumb\"},\"inLanguage\":\"en-US\",\"potentialAction\":[{\"@type\":\"ReadAction\",\"target\":[\"https:\/\/super-sport.es\/en\/2019\/08\/02\/deporte-audiencias-julio\/\"]}]},{\"@type\":\"BreadcrumbList\",\"@id\":\"https:\/\/super-sport.es\/en\/2019\/08\/02\/deporte-audiencias-julio\/#breadcrumb\",\"itemListElement\":[{\"@type\":\"ListItem\",\"position\":1,\"item\":{\"@type\":\"WebPage\",\"@id\":\"https:\/\/super-sport.es\/\",\"url\":\"https:\/\/super-sport.es\/\",\"name\":\"Portada\"}},{\"@type\":\"ListItem\",\"position\":2,\"item\":{\"@type\":\"WebPage\",\"@id\":\"https:\/\/super-sport.es\/en\/2019\/08\/02\/deporte-audiencias-julio\/\",\"url\":\"https:\/\/super-sport.es\/en\/2019\/08\/02\/deporte-audiencias-julio\/\",\"name\":\"Los movimientos en el mercado de fichajes marcan las audiencias de Julio\"}}]},{\"@type\":\"Person\",\"@id\":\"https:\/\/super-sport.es\/#\/schema\/person\/4f37fd7a684842665bdc6562656fd1ef\",\"name\":\"Supersport\",\"image\":{\"@type\":\"ImageObject\",\"@id\":\"https:\/\/super-sport.es\/#personlogo\",\"inLanguage\":\"en-US\",\"url\":\"https:\/\/secure.gravatar.com\/avatar\/16032d2561f2869e2f5d056ba8062615?s=96&d=mm&r=g\",\"contentUrl\":\"https:\/\/secure.gravatar.com\/avatar\/16032d2561f2869e2f5d056ba8062615?s=96&d=mm&r=g\",\"caption\":\"Supersport\"}}]}<\/script>\n<!-- \/ Yoast SEO plugin. -->","_links":{"self":[{"href":"https:\/\/super-sport.es\/en\/wp-json\/wp\/v2\/posts\/6346"}],"collection":[{"href":"https:\/\/super-sport.es\/en\/wp-json\/wp\/v2\/posts"}],"about":[{"href":"https:\/\/super-sport.es\/en\/wp-json\/wp\/v2\/types\/post"}],"author":[{"embeddable":true,"href":"https:\/\/super-sport.es\/en\/wp-json\/wp\/v2\/users\/7"}],"replies":[{"embeddable":true,"href":"https:\/\/super-sport.es\/en\/wp-json\/wp\/v2\/comments?post=6346"}],"version-history":[{"count":4,"href":"https:\/\/super-sport.es\/en\/wp-json\/wp\/v2\/posts\/6346\/revisions"}],"predecessor-version":[{"id":6352,"href":"https:\/\/super-sport.es\/en\/wp-json\/wp\/v2\/posts\/6346\/revisions\/6352"}],"wp:featuredmedia":[{"embeddable":true,"href":"https:\/\/super-sport.es\/en\/wp-json\/wp\/v2\/media\/6350"}],"wp:attachment":[{"href":"https:\/\/super-sport.es\/en\/wp-json\/wp\/v2\/media?parent=6346"}],"wp:term":[{"taxonomy":"category","embeddable":true,"href":"https:\/\/super-sport.es\/en\/wp-json\/wp\/v2\/categories?post=6346"},{"taxonomy":"post_tag","embeddable":true,"href":"https:\/\/super-sport.es\/en\/wp-json\/wp\/v2\/tags?post=6346"}],"curies":[{"name":"wp","href":"https:\/\/api.w.org\/{rel}","templated":true}]}}